{"id":1448,"date":"2017-01-25T04:07:55","date_gmt":"2017-01-25T03:07:55","guid":{"rendered":"http:\/\/blog.autoraport.pl\/?p=1448"},"modified":"2017-01-28T03:27:59","modified_gmt":"2017-01-28T02:27:59","slug":"czy-czekaja-nas-duze-zmiany-w-kwestii-tablic-rejestracyjnyh","status":"publish","type":"post","link":"https:\/\/www.autoraport.pl\/blog\/czy-czekaja-nas-duze-zmiany-w-kwestii-tablic-rejestracyjnyh\/","title":{"rendered":"Czy czekaj\u0105 nas du\u017ce zmiany w  kwestii tablic rejestracyjnyh?"},"content":{"rendered":"<p><span style=\"color: #000000;\"><a href=\"https:\/\/www.autoraport.pl\/blog\/wp-content\/uploads\/2017\/01\/comment_itBCXlaRw7wXpQf8B4STJaho7zfD5qlP.jpg\"><img loading=\"lazy\" decoding=\"async\" class=\"alignnone size-full wp-image-1458\" src=\"https:\/\/www.autoraport.pl\/blog\/wp-content\/uploads\/2017\/01\/comment_itBCXlaRw7wXpQf8B4STJaho7zfD5qlP.jpg\" alt=\"\" width=\"2048\" height=\"1536\" \/><\/a><\/span><\/p>\n<p><span style=\"color: #000000;\">Pose\u0142 Piotr-Liroy wiedziony ch\u0119ci\u0105 usprawnienia procesu rejestrowania pojazd\u00f3w w Posce przygotowa\u0142 kolejn\u0105 propozycj\u0119 zmian dla kierowc\u00f3w.<\/span><\/p>\n<p>Aktualnie zmiana w\u0142a\u015bciciela pojazdu wi\u0105\u017ce si\u0119 z mas\u0105 formalno\u015bci, takich jak zmiana tablic rejestracyjnych. Istnieje wyj\u0105tek od tej sytuacji, kiedy powt\u00f3rna rejestracja samochodu odbywa si\u0119 przez nowego w\u0142a\u015bciciela w tym samym powiecie.<!--more--><\/p>\n<p>Nowe rozwi\u0105zanie ma wygl\u0105da\u0107 tak, \u017ce jeden pojazd b\u0119dzie posiada\u0142 jedn\u0105 tablic\u0119 rejestracyjn\u0105. Piotr Liroy-Marzec podkre\u015bla, \u017ce nowy pomys\u0142 da nam wszystkim oszcz\u0119dno\u015bci jak i ma u\u0142atwi\u0107 \u017cycie kierowcom. Pose\u0142 zauwa\u017ca, \u017ce w czasach wszechobecnego funkcjonowania elektronicznych baz danych nie ma ju\u017c potrzeby utrzymywania symboli, kt\u00f3re oznaczaj\u0105 miejsce rejestracji pojazdu. Wystarczaj\u0105ce s\u0105 informacje\u00a0 identyfikuj\u0105ce konkretny pojazd i jego w\u0142a\u015bciciela.<\/p>\n<p>Jak to mia\u0142oby wygl\u0105da\u0107?<\/p>\n<p>Nowym rozwi\u0105zaniem, mia\u0142oby by\u0107 funkcjonowanie tzw. zbiorczej tablicy rejestracyjnej. Nowy spos\u00f3b oznaczania mia\u0142aby by\u0107 stosowany w przypadku kiedy jedna osoba lub firma jest w\u0142a\u015bcicielem kilku pojazd\u00f3w. Jak mo\u017cna przeczyta\u0107 w interpretacji <span style=\"color: #000000;\">\u201etaka profesjonalna rejestracja montowana jest w jednym, w danej chwili u\u017cytkowanym poje\u017adzie (np. do jazdy pr\u00f3bnej, testowej lub rajdu). Potwierdza ona dopuszczenie do ruchu ca\u0142ego zbioru pojazd\u00f3w. Ubezpieczeniu podlega najdro\u017cszy pojazd a pozosta\u0142e korzystaj\u0105 z niego w ramach pakietu. Takie rozwi\u0105zanie oznacza\u0142oby spore oszcz\u0119dno\u015bci dla bran\u017cy motoryzacyjnej&#8221;.<\/span><\/p>\n<p><a href=\"https:\/\/www.autoraport.pl\/blog\/wp-content\/uploads\/2017\/01\/640-dowod-rejestracyjny-pap.jpg\"><img loading=\"lazy\" decoding=\"async\" class=\"size-full wp-image-1460\" src=\"https:\/\/www.autoraport.pl\/blog\/wp-content\/uploads\/2017\/01\/640-dowod-rejestracyjny-pap.jpg\" alt=\"\" width=\"640\" height=\"380\" \/><\/a><\/p>\n<p>Kolejn\u0105\u00a0 drobn\u0105 acz przydatn\u0105 zmian\u0105, kt\u00f3ra mia\u0142aby p\u00f3j\u015b\u0107 w parze z nowym systemem oznacze\u0144 tablic rejestracyjnych jest dodatkowo wi\u0119ksza ilo\u015b\u0107 miejsca w dowodzie rejestracyjnym na potwierdzenie bada\u0144 technicznych. Technicznie mia\u0142aby by\u0107 zmniejszona rubryka z adnotacjami na rzecz wpis\u00f3w dotycz\u0105cych bada\u0144 technicznych w\u0142a\u015bnie.<\/p>\n<p>Dla przypomnienia, wcze\u015bniej Pose\u0142 Liroy-Marzec interpelowa\u0142 do ministra infrastuktury o przywr\u00f3cenie czasowego wyrejestrowania pojazdu, kt\u00f3re to funkcjonowa\u0142o do\u00a01997 roku\u00a0 po czym zosta\u0142o zlikwidowane.<\/p>\n","protected":false},"excerpt":{"rendered":"<p>Pose\u0142 Piotr-Liroy wiedziony ch\u0119ci\u0105 usprawnienia procesu rejestrowania pojazd\u00f3w w Posce przygotowa\u0142 kolejn\u0105 propozycj\u0119 zmian dla kierowc\u00f3w. Aktualnie zmiana w\u0142a\u015bciciela pojazdu wi\u0105\u017ce si\u0119 z mas\u0105 formalno\u015bci, takich jak zmiana tablic rejestracyjnych. Istnieje wyj\u0105tek od tej sytuacji, kiedy powt\u00f3rna rejestracja samochodu odbywa si\u0119 przez nowego w\u0142a\u015bciciela w tym samym powiecie.<\/p>\n","protected":false},"author":4,"featured_media":0,"comment_status":"open","ping_status":"open","sticky":false,"template":"","format":"standard","meta":{"footnotes":""},"categories":[416],"tags":[417,128,418],"class_list":["post-1448","post","type-post","status-publish","format-standard","hentry","category-zmiany-w-przepisach","tag-dowod-rejestracyjny","tag-tablice-rejestracyjne","tag-zmiany"],"_links":{"self":[{"href":"https:\/\/www.autoraport.pl\/blog\/wp-json\/wp\/v2\/posts\/1448","targetHints":{"allow":["GET"]}}],"collection":[{"href":"https:\/\/www.autoraport.pl\/blog\/wp-json\/wp\/v2\/posts"}],"about":[{"href":"https:\/\/www.autoraport.pl\/blog\/wp-json\/wp\/v2\/types\/post"}],"author":[{"embeddable":true,"href":"https:\/\/www.autoraport.pl\/blog\/wp-json\/wp\/v2\/users\/4"}],"replies":[{"embeddable":true,"href":"https:\/\/www.autoraport.pl\/blog\/wp-json\/wp\/v2\/comments?post=1448"}],"version-history":[{"count":10,"href":"https:\/\/www.autoraport.pl\/blog\/wp-json\/wp\/v2\/posts\/1448\/revisions"}],"predecessor-version":[{"id":1464,"href":"https:\/\/www.autoraport.pl\/blog\/wp-json\/wp\/v2\/posts\/1448\/revisions\/1464"}],"wp:attachment":[{"href":"https:\/\/www.autoraport.pl\/blog\/wp-json\/wp\/v2\/media?parent=1448"}],"wp:term":[{"taxonomy":"category","embeddable":true,"href":"https:\/\/www.autoraport.pl\/blog\/wp-json\/wp\/v2\/categories?post=1448"},{"taxonomy":"post_tag","embeddable":true,"href":"https:\/\/www.autoraport.pl\/blog\/wp-json\/wp\/v2\/tags?post=1448"}],"curies":[{"name":"wp","href":"https:\/\/api.w.org\/{rel}","templated":true}]}}